{"id":299390,"date":"2026-03-20T13:13:00","date_gmt":"2026-03-20T17:13:00","guid":{"rendered":"https:\/\/villanews.com.br\/?p=299390"},"modified":"2026-03-20T13:13:00","modified_gmt":"2026-03-20T17:13:00","slug":"comissao-aprova-proposta-que-delega-a-sudene-definicao-de-areas-prioritarias-para-recursos","status":"publish","type":"post","link":"https:\/\/villanews.com.br\/?p=299390","title":{"rendered":"Comiss\u00e3o aprova proposta que delega \u00e0 Sudene defini\u00e7\u00e3o de \u00e1reas priorit\u00e1rias para recursos"},"content":{"rendered":"<article class=\"g-artigo artigo--noticia\">\n<span>Pol\u00edtica e Administra\u00e7\u00e3o P\u00fablica<\/span>\n<h1>Comiss\u00e3o aprova proposta que delega \u00e0 Sudene defini\u00e7\u00e3o de \u00e1reas priorit\u00e1rias para recursos<\/h1>\n<p>O projeto de lei segue em an\u00e1lise na C\u00e2mara dos Deputados<\/p>\n<div>\n<p>\n                      20\/03\/2026 &#8211; 14:13 \u00a0\n                    <\/p>\n<p><em>Zeca Ribeiro \/ C\u00e2mara dos Deputados<\/em><br \/>\n<img decoding=\"async\" src=\"https:\/\/www.camara.leg.br\/midias\/image\/2026\/03\/img20260204111544250-768x473.jpeg\" \/><\/p>\n<div>Deputado Daniel Agrobom, relator do projeto de lei<\/div>\n<p>A Comiss\u00e3o de Integra\u00e7\u00e3o Nacional e Desenvolvimento Regional da C\u00e2mara dos Deputados aprovou projeto de lei que designa o Conselho Deliberativo da Sudene (Superintend\u00eancia do Desenvolvimento do Nordeste) como respons\u00e1vel por estabelecer os crit\u00e9rios t\u00e9cnicos para identificar as regi\u00f5es que devem receber recursos priorit\u00e1rios.<\/p>\n<p>O texto aprovado \u00e9 um <span title=\"Nome que se d\u00e1 ao texto que altera substancialmente o conte\u00fado original da proposta. O substitutivo \u00e9 apresentado pelo relator e tem prefer\u00eancia na vota\u00e7\u00e3o sobre o projeto original.\">substitutivo<\/span> do relator, deputado Daniel Agrobom (PL-GO), para o Projeto de Lei 3923\/23, que trata da regulamenta\u00e7\u00e3o de \u00e1reas afetadas pela seca no Nordeste.<\/p>\n<p>A proposta original, da deputada licenciada Fernanda Pessoa (CE), buscava incluir integralmente os nove estados do Nordeste (Alagoas, Bahia, Cear\u00e1, Maranh\u00e3o, Para\u00edba, Pernambuco, Piau\u00ed, Rio Grande do Norte e Sergipe) no chamado Pol\u00edgono das Secas.<\/p>\n<p>Daniel Agrobom, no entanto, modificou o texto por entender que a amplia\u00e7\u00e3o autom\u00e1tica para englobar toda a regi\u00e3o Nordeste poderia prejudicar o direcionamento de verbas. Em vez de listar os estados, o novo texto altera a <a href=\"https:\/\/www2.camara.gov.br\/legin\/fed\/leicom\/2007\/leicomplementar-125-3-janeiro-2007-548989-norma-pl.html\">Lei Complementar 125\/07<\/a> para dar respaldo legal \u00e0 metodologia t\u00e9cnica j\u00e1 utilizada pela Sudene.<\/p>\n<p><strong>Crit\u00e9rios t\u00e9cnicos<\/strong><\/p>\n<p>\n        Pela proposta aprovada, a Sudene dever\u00e1 usar crit\u00e9rios t\u00e9cnicos, cient\u00edficos e socioecon\u00f4micos para definir as \u00e1reas priorit\u00e1rias para a aplica\u00e7\u00e3o de recursos do Fundo Constitucional de Financiamento do Nordeste (FNE) e do Fundo de Desenvolvimento do Nordeste (FDNE). A proposta tamb\u00e9m determina que esses par\u00e2metros passem por revis\u00e3o peri\u00f3dica.<\/p>\n<p>Daniel Agrobom argumentou que a delimita\u00e7\u00e3o deve considerar fatores objetivos, como o d\u00e9ficit h\u00eddrico e o \u00edndice de aridez. \u201cA amplia\u00e7\u00e3o indiscriminada da \u00e1rea compromete o sentido de prioridade que a Constitui\u00e7\u00e3o pretendeu assegurar \u00e0s zonas efetivamente afetadas pela escassez h\u00eddrica\u201d, afirmou.<\/p>\n<p>O relator destacou ainda a import\u00e2ncia de manter a racionalidade no planejamento regional. \u201cA proposi\u00e7\u00e3o requer aprimoramentos que garantam compatibilidade com a legisla\u00e7\u00e3o vigente e preservem a racionalidade t\u00e9cnica.\u201d<\/p>\n<p><strong>Pr\u00f3ximos passos<\/strong><\/p>\n<p>\n        O projeto tramita em <span title=\"Rito de tramita\u00e7\u00e3o pelo qual o projeto \u00e9 votado apenas pelas comiss\u00f5es designadas para analis\u00e1-lo, dispensada a delibera\u00e7\u00e3o do Plen\u00e1rio. O projeto perde o car\u00e1ter conclusivo se houver decis\u00e3o divergente entre as comiss\u00f5es ou se, independentemente de ser aprovado ou rejeitado, houver recurso assinado por 52 deputados para a aprecia\u00e7\u00e3o da mat\u00e9ria no Plen\u00e1rio.\">car\u00e1ter conclusivo<\/span> e ainda ser\u00e1 analisado pela Comiss\u00e3o de Constitui\u00e7\u00e3o e Justi\u00e7a e de Cidadania. Para virar lei, precisa ser aprovado pelos deputados e pelos senadores e sancionado pelo presidente da Rep\u00fablica.<\/p>\n<ul>\n<li><a href=\"https:\/\/www.camara.leg.br\/noticias\/573454-SAIBA-MAIS-SOBRE-A-TRAMITACAO-DE-PROJETOS-DE-LEI\">Saiba mais sobre a tramita\u00e7\u00e3o de projetos de lei<\/a><\/li>\n<\/ul>\n<p>Reportagem \u2013 No\u00e9li Nobre<\/p>\n<p>Edi\u00e7\u00e3o \u2013 Roberto Seabra<\/p>\n<\/div>\n<\/article>","protected":false},"excerpt":{"rendered":"<p>Pol\u00edtica e Administra\u00e7\u00e3o P\u00fablica Comiss\u00e3o aprova proposta que delega \u00e0 Sudene defini\u00e7\u00e3o de \u00e1reas priorit\u00e1rias para recursos O projeto de&hellip;<\/p>\n","protected":false},"author":4,"featured_media":299391,"comment_status":"open","ping_status":"open","sticky":false,"template":"","format":"standard","meta":{"footnotes":""},"categories":[240],"tags":[],"class_list":["post-299390","post","type-post","status-publish","format-standard","has-post-thumbnail","hentry","category-camara-dos-deputados"],"_links":{"self":[{"href":"https:\/\/villanews.com.br\/index.php?rest_route=\/wp\/v2\/posts\/299390","targetHints":{"allow":["GET"]}}],"collection":[{"href":"https:\/\/villanews.com.br\/index.php?rest_route=\/wp\/v2\/posts"}],"about":[{"href":"https:\/\/villanews.com.br\/index.php?rest_route=\/wp\/v2\/types\/post"}],"author":[{"embeddable":true,"href":"https:\/\/villanews.com.br\/index.php?rest_route=\/wp\/v2\/users\/4"}],"replies":[{"embeddable":true,"href":"https:\/\/villanews.com.br\/index.php?rest_route=%2Fwp%2Fv2%2Fcomments&post=299390"}],"version-history":[{"count":0,"href":"https:\/\/villanews.com.br\/index.php?rest_route=\/wp\/v2\/posts\/299390\/revisions"}],"wp:featuredmedia":[{"embeddable":true,"href":"https:\/\/villanews.com.br\/index.php?rest_route=\/wp\/v2\/media\/299391"}],"wp:attachment":[{"href":"https:\/\/villanews.com.br\/index.php?rest_route=%2Fwp%2Fv2%2Fmedia&parent=299390"}],"wp:term":[{"taxonomy":"category","embeddable":true,"href":"https:\/\/villanews.com.br\/index.php?rest_route=%2Fwp%2Fv2%2Fcategories&post=299390"},{"taxonomy":"post_tag","embeddable":true,"href":"https:\/\/villanews.com.br\/index.php?rest_route=%2Fwp%2Fv2%2Ftags&post=299390"}],"curies":[{"name":"wp","href":"https:\/\/api.w.org\/{rel}","templated":true}]}}