{"id":299377,"date":"2026-03-20T13:00:36","date_gmt":"2026-03-20T17:00:36","guid":{"rendered":"https:\/\/villanews.com.br\/?p=299377"},"modified":"2026-03-20T13:00:36","modified_gmt":"2026-03-20T17:00:36","slug":"wellington-dias-coordenara-campanha-de-lula-diz-ministerio","status":"publish","type":"post","link":"https:\/\/villanews.com.br\/?p=299377","title":{"rendered":"Wellington Dias coordenar\u00e1 campanha de Lula, diz minist\u00e9rio"},"content":{"rendered":"<div class=\"postBody_post-body-container__1KhtH\">\n<p>O ministro do Desenvolvimento e Assist\u00eancia Social, Fam\u00edlia e Combate \u00e0 Fome, Wellington Dias, atuar\u00e1 na coordena\u00e7\u00e3o da campanha do presidente Lula (PT). A informa\u00e7\u00e3o \u00e9 de uma nota da pasta, divulgada nesta sexta-feira (20).<\/p>\n<p>&#8220;Wellington Dias desempenhar\u00e1 papel estrat\u00e9gico na condu\u00e7\u00e3o pol\u00edtica do projeto eleitoral, refor\u00e7ando a articula\u00e7\u00e3o com lideran\u00e7as partid\u00e1rias, governadores, prefeitos e movimentos sociais em todo o pa\u00eds&#8221;, diz o comunicado, que aproveita para exaltar o &#8220;desempenho t\u00e9cnico e pol\u00edtico no per\u00edodo foi determinante para sua nomea\u00e7\u00e3o como ministro&#8221;.<\/p>\n<p>Wellington venceu as elei\u00e7\u00f5es de 2022 como Senador pelo Piau\u00ed, mas foi nomeado ao cargo de ministro e se licenciou do mandato. Antes disso, ele foi governador do estado por dois mandatos. A coordena\u00e7\u00e3o de campanha n\u00e3o exige que ele deixe o cargo, como fez o ministro da Fazenda, Fernando Haddad (PT), para disputar o governo do estado de S\u00e3o Paulo.<\/p>\n<p>VEJA TAMB\u00c9M:<\/p>\n<h2>Petista, atual governador deve buscar a reelei\u00e7\u00e3o<\/h2>\n<p><img decoding=\"async\" src=\"https:\/\/media.gazetadopovo.com.br\/2026\/03\/20135851\/54931996036_681b3772cc_k.jpg.webp\" \/><i>Rafael Fontele (PT) \u00e9 governador do Piau\u00ed, estado de Wellington Dias e de Ciro Nogueira.  (Foto: Edson Leal\/Minist\u00e9rio da Previd\u00eancia)<\/i><\/p>\n<p>O atual governador do Piau\u00ed \u00e9 petista. Rafael Fonteles est\u00e1 em seu primeiro mandato e deve disputar a reelei\u00e7\u00e3o. Ele deve enfrentar nomes como a ex-deputada federal Margarete Coelho (PP), o jornalista Toni Rodrigues (PL) e o economista Tonny Kerley (Novo).<\/p>\n<p>No Senado, estar\u00e1 em jogo a cadeira do presidente nacional do PP, senador Ciro Nogueira, e a do senador Marcelo Castro (MDB). Os dois concorrer\u00e3o novamente, enfrentando o deputado federal J\u00falio Cesar (PSD), o presidente estadual do PL, Tiago Junqueira, e o ativista Francinaldo Le\u00e3o (PSOL).<\/p>\n<p>A chapa presidencial ainda precisa da palavra final de Lula sobre quem ser\u00e1 seu vice, mas j\u00e1 tem suas prioridades: em entrevistas,  membros do partido t\u00eam dito que \u00e9 necess\u00e1rio transmitir \u00e0 popula\u00e7\u00e3o o discurso de que, em vez de representar problemas no governo, casos como as fraudes no Master e o esc\u00e2ndalo de descontos indevidos no Instituto Nacional do Seguro Social (INSS) s\u00e3o um sinal de autonomia da Pol\u00edcia Federal (PF), ou seja, de que o presidente &#8220;deixa investigar&#8221;.<\/p>\n<\/div>","protected":false},"excerpt":{"rendered":"<p>O ministro do Desenvolvimento e Assist\u00eancia Social, Fam\u00edlia e Combate \u00e0 Fome, Wellington Dias, atuar\u00e1 na coordena\u00e7\u00e3o da campanha do&hellip;<\/p>\n","protected":false},"author":4,"featured_media":299378,"comment_status":"open","ping_status":"open","sticky":false,"template":"","format":"standard","meta":{"footnotes":""},"categories":[204],"tags":[],"class_list":["post-299377","post","type-post","status-publish","format-standard","has-post-thumbnail","hentry","category-ultimas-noticias"],"_links":{"self":[{"href":"https:\/\/villanews.com.br\/index.php?rest_route=\/wp\/v2\/posts\/299377","targetHints":{"allow":["GET"]}}],"collection":[{"href":"https:\/\/villanews.com.br\/index.php?rest_route=\/wp\/v2\/posts"}],"about":[{"href":"https:\/\/villanews.com.br\/index.php?rest_route=\/wp\/v2\/types\/post"}],"author":[{"embeddable":true,"href":"https:\/\/villanews.com.br\/index.php?rest_route=\/wp\/v2\/users\/4"}],"replies":[{"embeddable":true,"href":"https:\/\/villanews.com.br\/index.php?rest_route=%2Fwp%2Fv2%2Fcomments&post=299377"}],"version-history":[{"count":0,"href":"https:\/\/villanews.com.br\/index.php?rest_route=\/wp\/v2\/posts\/299377\/revisions"}],"wp:featuredmedia":[{"embeddable":true,"href":"https:\/\/villanews.com.br\/index.php?rest_route=\/wp\/v2\/media\/299378"}],"wp:attachment":[{"href":"https:\/\/villanews.com.br\/index.php?rest_route=%2Fwp%2Fv2%2Fmedia&parent=299377"}],"wp:term":[{"taxonomy":"category","embeddable":true,"href":"https:\/\/villanews.com.br\/index.php?rest_route=%2Fwp%2Fv2%2Fcategories&post=299377"},{"taxonomy":"post_tag","embeddable":true,"href":"https:\/\/villanews.com.br\/index.php?rest_route=%2Fwp%2Fv2%2Ftags&post=299377"}],"curies":[{"name":"wp","href":"https:\/\/api.w.org\/{rel}","templated":true}]}}