{"id":299370,"date":"2026-03-20T12:45:00","date_gmt":"2026-03-20T16:45:00","guid":{"rendered":"https:\/\/villanews.com.br\/?p=299370"},"modified":"2026-03-20T12:45:00","modified_gmt":"2026-03-20T16:45:00","slug":"samuel-lino-deixa-rotulos-para-tras-e-vive-fase-artilheira-pelo-flamengo","status":"publish","type":"post","link":"https:\/\/villanews.com.br\/?p=299370","title":{"rendered":"Samuel Lino deixa r\u00f3tulos para tr\u00e1s e vive fase artilheira pelo Flamengo"},"content":{"rendered":"<div class=\"text-darkgray lg:w-2\/3\">\n<div>\n<h2>O atacante custou quase R$ 200 milh\u00f5es ao RubroFlamengo somando luvas, impostos e comiss\u00f5es. Ex-Atl\u00e9tico de Madri, ele chegou com o r\u00f3tulo de &#8220;contrata\u00e7\u00e3o mais cara da hist\u00f3ria do clube&#8221;, algo que parece ter lhe gerado um peso<\/h2>\n<\/div>\n<p><img decoding=\"async\" src=\"https:\/\/media-manager.noticiasaominuto.com.br\/960\/naom_6978bfc4d14e9.webp\" \/><\/p>\n<p>\u00a9 Getty<\/p>\n<p><img decoding=\"async\" src=\"https:\/\/noticiasaominutobr-img.com\/team\/naom.png\" \/><\/p>\n<p><span><br \/>\n                    20\/03\/2026 13:45 \u2027<br \/>\n                    h\u00e1 13 minutos<br \/>\n                    por Folhapress<br \/>\n                <\/span><\/p>\n<p>\n                        Esporte\n                    <\/p>\n<p>\n<a href=\"https:\/\/www.noticiasaominuto.com.br\/esporte\/tag\/flamengo\"><br \/>\n                                Flamengo<br \/>\n                            <\/a>\n<\/p>\n<div class=\"article-content mb-24 font-slab text-paragraph font-light\">\n<p><span>(<\/span>UOL\/FOLHAPRESS) &#8211; Samuel Lino, enfim, parece ter deixado seus r\u00f3tulos para tr\u00e1s e recuperado a confian\u00e7a. Em fase artilheira no Flamengo, tem sido pe\u00e7a importante para o t\u00e9cnico Leonardo Jardim e foi aplaudido pelos mais de 62 mil torcedores ao ser substitu\u00eddo na vit\u00f3ria por 3 a 0 sobre o Remo, ontem, no Maracan\u00e3.<\/p>\n<p>                                                        \u00a0<\/p>\n<p>O atacante custou quase R$ 200 milh\u00f5es ao RubroFlamengo somando luvas, impostos e comiss\u00f5es. Ex-Atl\u00e9tico de Madri, ele chegou com o r\u00f3tulo de &#8220;contrata\u00e7\u00e3o mais cara da hist\u00f3ria do clube&#8221;, algo que parece ter lhe gerado um peso.<\/p>\n<p>Ap\u00f3s um in\u00edcio empolgante, ele caiu de rendimento e viu as cobran\u00e7as e a concorr\u00eancia aumentar, sendo preterido em muitos momentos pelo ex-t\u00e9cnico da equipe Filipe Lu\u00eds.<\/p>\n<p>Por\u00e9m, este ano o Flamengo contratou Lucas Paquet\u00e1, que custou cifras ainda maiores e ocupou o posto. E a mudan\u00e7a, aparentemente, deixou Samuel Lino mais leve.<\/p>\n<p>Os dribles voltaram a sair e bola passou a entrar. Nos \u00faltimos cinco jogos, por exemplo, fez tr\u00eas gols e deu uma assist\u00eancia, sendo que quatro destas partidas foram j\u00e1 sob o comando do novo t\u00e9cnico, Leonardo Jardim.<\/p>\n<p>&#8220;\u00c9 muito bom fazer o gol para ajudar a equipe a chegar a mais uma vit\u00f3ria. Depois de uma temporada de muitas conquistas, n\u00e3o come\u00e7ou como esper\u00e1vamos. A gente sabia que ir\u00edamos nos recuperar e as vit\u00f3rias iriam acontecer, mas aconteceu a mudan\u00e7a. Mudou a intensidade, disse Samuel Lino, ao Premiere.<\/p>\n<p>Ap\u00f3s a vit\u00f3ria sobre o Remo, o portugu\u00eas revelou uma orienta\u00e7\u00e3o t\u00e1tica dada aos pontas que pode ter ajudado a Samuel Lino a ingressar nesta fase artilheira.<\/p>\n<p>&#8220;Temos preocupa\u00e7\u00e3o, n\u00e3o s\u00f3 com o Lino, mas com todos os pontas. Hoje foi o Ara\u00fajo. O Cebolinha entrou. J\u00e1 jogou o Paquet\u00e1, o Plata tamb\u00e9m, o Carrascal. T\u00ednhamos uma preocupa\u00e7\u00e3o de preenchimento da \u00e1rea. Quanto mais jogador colocamos na \u00e1rea, temos chance de a bola cair nos nossos p\u00e9s. Se vamos pensar que s\u00f3 o atacante entra na \u00e1rea, uma equipe do Flamengo que cria muito, vamos enfrentar quatro advers\u00e1rios contra um nosso. Procuramos que os jogadores preencham a \u00e1rea. O Lino vem percebendo isso. O Ara\u00fajo j\u00e1 estava por dentro. O rebote cai nos p\u00e9s dele (Luiz Ara\u00fajo) porque estava na \u00e1rea, se n\u00e3o estivesse encostado na linha, n\u00e3o teria feito o gol (o terceiro sobre o Remo). \u00c9 uma ideia mais coletiva, n\u00e3o s\u00f3 para o Lino&#8221;, afirmou Jardim.<\/p>\n<p><img decoding=\"async\" src=\"https:\/\/media-manager.noticiasaominuto.com\/640\/naom_69847e6c4159e.jpg\" \/><\/p>\n<h2><a href=\"https:\/\/www.noticiasaominuto.com.br\/esporte\/2368220\/arthur-melo-sugere-juventus-e-diz-que-neymar-se-divertiria-na-italia\"> Arthur Melo sugere Juventus e diz que Neymar \u201cse divertiria\u201d na It\u00e1lia <\/a><\/h2>\n<p>Meio-campista elogia o compatriota e afirma que o craque brasileiro seria bem recebido na Juventus, destacando que a Serie A pode ser um destino atrativo em um poss\u00edvel retorno ao futebol europeu<\/p>\n<p><small> Not\u00edcias ao Minuto | 07:25 &#8211; 20\/03\/2026 <\/small><\/p>\n<\/div>\n<p>\n            Partilhe a not\u00edcia\n        <\/p>\n<\/div>","protected":false},"excerpt":{"rendered":"<p>O atacante custou quase R$ 200 milh\u00f5es ao RubroFlamengo somando luvas, impostos e comiss\u00f5es. Ex-Atl\u00e9tico de Madri, ele chegou com&hellip;<\/p>\n","protected":false},"author":4,"featured_media":299371,"comment_status":"open","ping_status":"open","sticky":false,"template":"","format":"standard","meta":{"footnotes":""},"categories":[6],"tags":[],"class_list":["post-299370","post","type-post","status-publish","format-standard","has-post-thumbnail","hentry","category-esportes"],"_links":{"self":[{"href":"https:\/\/villanews.com.br\/index.php?rest_route=\/wp\/v2\/posts\/299370","targetHints":{"allow":["GET"]}}],"collection":[{"href":"https:\/\/villanews.com.br\/index.php?rest_route=\/wp\/v2\/posts"}],"about":[{"href":"https:\/\/villanews.com.br\/index.php?rest_route=\/wp\/v2\/types\/post"}],"author":[{"embeddable":true,"href":"https:\/\/villanews.com.br\/index.php?rest_route=\/wp\/v2\/users\/4"}],"replies":[{"embeddable":true,"href":"https:\/\/villanews.com.br\/index.php?rest_route=%2Fwp%2Fv2%2Fcomments&post=299370"}],"version-history":[{"count":0,"href":"https:\/\/villanews.com.br\/index.php?rest_route=\/wp\/v2\/posts\/299370\/revisions"}],"wp:featuredmedia":[{"embeddable":true,"href":"https:\/\/villanews.com.br\/index.php?rest_route=\/wp\/v2\/media\/299371"}],"wp:attachment":[{"href":"https:\/\/villanews.com.br\/index.php?rest_route=%2Fwp%2Fv2%2Fmedia&parent=299370"}],"wp:term":[{"taxonomy":"category","embeddable":true,"href":"https:\/\/villanews.com.br\/index.php?rest_route=%2Fwp%2Fv2%2Fcategories&post=299370"},{"taxonomy":"post_tag","embeddable":true,"href":"https:\/\/villanews.com.br\/index.php?rest_route=%2Fwp%2Fv2%2Ftags&post=299370"}],"curies":[{"name":"wp","href":"https:\/\/api.w.org\/{rel}","templated":true}]}}