{"id":299329,"date":"2026-03-20T12:32:51","date_gmt":"2026-03-20T16:32:51","guid":{"rendered":"https:\/\/villanews.com.br\/?p=299329"},"modified":"2026-03-20T12:32:51","modified_gmt":"2026-03-20T16:32:51","slug":"pressionado-por-pl-e-kassab-tarcisio-tenta-manter-ramuth-como-vice-na-chapa-em-sp","status":"publish","type":"post","link":"https:\/\/villanews.com.br\/?p=299329","title":{"rendered":"Pressionado por PL e Kassab, Tarc\u00edsio tenta manter Ramuth como vice na chapa em SP"},"content":{"rendered":"<div class=\"postBody_post-body-container__1KhtH\">\n<p>De um lado, a press\u00e3o pela escolha de um nome que fortale\u00e7a ainda mais a alian\u00e7a e alinhamento pol\u00edtico do plano estadual com o nacional, com apoio da base de governabilidade na Assembleia Legislativa local. Do outro, a press\u00e3o de um aliado de primeira hora, mestre da fina costura pol\u00edtica de bastidor e l\u00edder de um dos maiores partidos do pa\u00eds, que tamb\u00e9m pleiteia o cargo. No meio, um companheiro que provou-se leal e colaborativo nos primeiros quatro anos de governo, e que seria uma op\u00e7\u00e3o ideal para seguir em frente por mais quatro no maior col\u00e9gio eleitoral do Brasil.<\/p>\n<p>Pressionado tanto por Gilberto Kassab, presidente nacional do PSD\u00a0e secret\u00e1rio estadual de Governo e Rela\u00e7\u00f5es Institucionais de S\u00e3o Paulo, quanto pelo PL \u2014 de Valdemar Costa Neto, presidente nacional da sigla, e do senador carioca Fl\u00e1vio Bolsonaro, pr\u00e9-candidato \u00e0 Presid\u00eancia da Rep\u00fablica \u2014 pela <strong>vaga de vice<\/strong> na chapa que concorrer\u00e1 \u00e0 reelei\u00e7\u00e3o em terras paulistas, o governador Tarc\u00edsio de Freitas (Republicanos) gostaria mesmo \u00e9 de manter como parceiro na corrida eleitoral o atual vice, <strong>Fel\u00edcio Ramuth<\/strong> (PSD).<\/p>\n<p>Se vai conseguir, diante da composi\u00e7\u00e3o e distens\u00e3o entre as for\u00e7as pol\u00edticas que o apoiam, \u00e9 outra hist\u00f3ria. \u00c9 o que revelam tanto conversas de bastidor quanto movimenta\u00e7\u00f5es p\u00fablicas de algumas das principais lideran\u00e7as pol\u00edticas no campo da direita em S\u00e3o Paulo que t\u00eam ocorrido ao longo das \u00faltimas semanas.<\/p>\n<h2>Troca de partido por Fel\u00edcio Ramuth \u00e9 vista como possibilidade para ele se manter como vice de Tarc\u00edsio<\/h2>\n<p>Tanto Tarc\u00edsio quanto Ramuth t\u00eam sido evasivos quando questionados por jornalistas sobre o assunto, mas aliados e pessoas pr\u00f3ximas \u00e0 pr\u00e9-campanha do governador confirmam nos bastidores \u00e0\u00a0<strong>Gazeta do Povo<\/strong>\u00a0que at\u00e9 mesmo uma troca de partido para o atual vice manter o cargo n\u00e3o est\u00e1 fora do horizonte.<\/p>\n<p>No caso de uma sa\u00edda do PSD, o destino mais prov\u00e1vel de Ramuth seria <strong>o MDB ou o pr\u00f3prio PL<\/strong>, mas mesmo uma sigla menor n\u00e3o est\u00e1 descartada no caso de encontrar as portas fechadas para as primeiras op\u00e7\u00f5es. A troca partid\u00e1ria s\u00f3 deve se efetivar como alternativa, se n\u00e3o houver mesmo possibilidade de compor um acordo pol\u00edtico com Kassab para a perman\u00eancia do vice na chapa pelo pr\u00f3prio PSD.<\/p>\n<p>Pessoas pr\u00f3ximas aos caciques do MDB em S\u00e3o Paulo afirmam \u00e0 reportagem da\u00a0<strong>Gazeta do Povo<\/strong>\u00a0que consideram a hip\u00f3tese da filia\u00e7\u00e3o de Fel\u00edcio Ramuth ao MDB remota. O pr\u00f3prio presidente nacional da sigla, <strong>Baleia Rossi<\/strong>, colocou o pr\u00f3prio nome \u00e0 disposi\u00e7\u00e3o de Tarc\u00edsio para vice na chapa estadual desde o in\u00edcio de fevereiro, em um encontro entre os dois.<\/p>\n<p>Al\u00e9m disso, uma das lideran\u00e7as do MDB no estado, o prefeito reeleito de S\u00e3o Paulo, <strong>Ricardo Nunes<\/strong>, n\u00e3o esconde de aliados que possui a pretens\u00e3o de lan\u00e7ar-se candidato ao governo em 2030, se a conjuntura permitir, o que poderia ser fonte de atrito com Ramuth dentro da sigla \u2014 n\u00e3o seria vantajoso para ele que algu\u00e9m do MDB ocupe a vice-governadoria, uma vez que essa figura naturalmente se colocaria como postulante ao governo paulista em 2030.<\/p>\n<p>Pelo lado do PSD, <strong>o pr\u00f3prio Kassab<\/strong> n\u00e3o desistiu de compor a chapa de Tarc\u00edsio. A interlocutores, o atual vice afirma que nada est\u00e1 definido e qualquer decis\u00e3o s\u00f3 ser\u00e1 tomada depois de uma conversa sobre o assunto com o pr\u00f3prio presidente nacional do PSD, que deve acontecer nas pr\u00f3ximas semanas.<\/p>\n<p>VEJA TAMB\u00c9M:<\/p>\n<h2>PL quer vaga de vice de Tarc\u00edsio para presidente da Alesp\u00a0<\/h2>\n<p>Por outro lado, Fl\u00e1vio Bolsonaro, Valdemar Costa Neto e a turma do PL em S\u00e3o Paulo tamb\u00e9m querem a posi\u00e7\u00e3o de vice na chapa de Tarc\u00edsio, e t\u00eam pressionado cada vez mais o governador pelo posto. O nome indicado pelo grupo \u00e9 o do presidente da Assembleia Legislativa de S\u00e3o Paulo (Alesp), <strong>Andr\u00e9 do Prado<\/strong> (PL).<\/p>\n<p>Deputados estaduais da sigla, que comp\u00f5em a base do governo na casa legislativa estadual, articulam a entrega de uma carta a Tarc\u00edsio com um manifesto defendendo a escolha de Prado como vice para manuten\u00e7\u00e3o da alian\u00e7a pol\u00edtica. A carta j\u00e1 conta a assinatura de quase toda bancada do PL, al\u00e9m de alguns parlamentares de siglas aliadas, e deve ser entregue ao governador ainda neste m\u00eas.\u00a0<\/p>\n<p>O texto pr\u00f3-Andr\u00e9 do Prado cita um \u201cperfil conciliador\u201d do parlamentar, que \u00e9 aliado de Costa Neto. A carta enumera projetos importantes para o governo aprovados na atual presid\u00eancia da Alesp e que ser\u00e3o usados como propaganda no per\u00edodo eleitoral.<\/p>\n<p>Nos bastidores, nomes contr\u00e1rios \u00e0 indica\u00e7\u00e3o de Andr\u00e9 do Prado afirmam que o PL j\u00e1 estaria contemplado nas elei\u00e7\u00f5es pelo apoio de Tarc\u00edsio \u00e0 candidatura de Fl\u00e1vio Bolsonaro (PL) ao Planalto.<\/p>\n<p>O principal argumento do PL para reivindicar a vaga \u00e9 o tamanho de sua bancada no estado, com 22 deputados atualmente. Sem o partido, dizem integrantes da legenda, Tarc\u00edsio n\u00e3o teria governabilidade e enfrentaria dificuldades para aprovar projetos relevantes, como a privatiza\u00e7\u00e3o da Sabesp (Companhia de Saneamento B\u00e1sico do Estado de S\u00e3o Paulo).<\/p>\n<p>Tarc\u00edsio, por\u00e9m, avalia que o PL j\u00e1 est\u00e1 contemplado com a vaga ao Senado e com a cabe\u00e7a de chapa na disputa presidencial. &#8220;O PL \u00e9 o partido que mais agrega \u00e0 candidatura de Tarc\u00edsio Gomes de Freitas (Republicanos) \u00e0 reelei\u00e7\u00e3o ao governo do estado de S\u00e3o Paulo\u201d, afirma \u00e0\u00a0<strong>Gazeta do Povo<\/strong>\u00a0o deputado estadual Tenente Coimbra (PL).<\/p>\n<p>\u201cSugerimos o nome do Andr\u00e9 do Prado, presidente da Casa, para compor a chapa de Tarc\u00edsio, na vice, por confiarmos em sua compet\u00eancia e trajet\u00f3ria pol\u00edtica. Sobre a carta de apoio, ela foi assinada por grande maioria dos parlamentares do PL. Inclusive, sou um dos signat\u00e1rios da iniciativa\u201d, diz.<\/p>\n<p>&#8220;Mais do que nomes, o mais importante \u00e9 a continuidade de um projeto que est\u00e1 dando certo em S\u00e3o Paulo, segundo aferi\u00e7\u00e3o de diferentes institutos de pesquisas e o term\u00f4metro nas ruas\u201d, afirma \u00e0\u00a0<strong>Gazeta do Povo<\/strong>\u00a0a deputada federal Rosana Valle (PL).<\/p>\n<p>&#8220;Creio que o PL est\u00e1 preparado para seguir contribuindo, seja na vice, ou em outras posi\u00e7\u00f5es estrat\u00e9gicas, sempre com um olhar de responsabilidade e de respeito e com esp\u00edrito de uni\u00e3o\u201d, acrescenta a parlamentar.<\/p>\n<p>Em rela\u00e7\u00e3o a Andr\u00e9 do Prado, ela ressalta o que considera como um movimento de reconhecimento ao trabalho dele. &#8220;A carta elaborada por parlamentares liberais da Alesp vai ao encontro desta articula\u00e7\u00e3o pol\u00edtica leg\u00edtima e inerente ao processo eleitoral que se avizinha\u201d, afirma a deputada.<\/p>\n<h2>Costa Neto defende que agora \u00e9 a vez do PL compor chapa como vice de Tarc\u00edsio\u00a0<\/h2>\n<p>No final de fevereiro, <strong>Valdemar j\u00e1 havia passado um recado ao governador paulista<\/strong> e disse que pediria a Tarc\u00edsio para o PL indicar o vice, com o argumento de que a sigla tem a maior bancada na Alesp. \u201cEu cedi a vice da outra elei\u00e7\u00e3o para o Kassab, porque a vice era nossa, agora \u00e9 nossa vez\u201d, disse o dirigente do PL em um encontro com empres\u00e1rios.<\/p>\n<p>Anota\u00e7\u00f5es feitas pelo senador Fl\u00e1vio Bolsonaro em uma reuni\u00e3o privada\u00a0em um peda\u00e7o de papel e flagradas pela imprensa mostram que ele discutiu com dirigentes do PL a possibilidade do presidente da Alesp ser indicado como vice na chapa de Tarc\u00edsio. Fl\u00e1vio escreveu ao lado do nome de Andr\u00e9 do Prado: \u201cvice?\u201d.<\/p>\n<p>A movimenta\u00e7\u00e3o, por\u00e9m, at\u00e9 o momento n\u00e3o surtiu o efeito desejado. Segundo interlocutores do governador, em encontro com Fl\u00e1vio Bolsonaro no Pal\u00e1cio dos Bandeirantes, sede do governo paulista, Tarc\u00edsio teria avisado o aliado de que a escolha do vice seria uma escolha pessoal sua, e n\u00e3o uma imposi\u00e7\u00e3o de nenhuma sigla ou aliado.<\/p>\n<p>Apesar do banho de \u00e1gua fria, no mesmo dia ambos encontraram com Prado durante uma <a href=\"https:\/\/www.gazetadopovo.com.br\/eleicoes\/2026\/sao-paulo-2026\/vice-tarcisio-honraria-alesp-valdemar-costa-neto\/\">homenagem a Costa Neto<\/a> na Alesp. O evento serviu tamb\u00e9m para Prado demonstrar a Tarc\u00edsio sua musculatura pol\u00edtica \u2014 al\u00e9m de Fl\u00e1vio, Costa Neto e toda bancada do PL, estavam presentes no evento dezenas de prefeitos e lideran\u00e7as pol\u00edticas do estado afora.<\/p>\n<p>A presen\u00e7a de Tarc\u00edsio foi vista por integrantes do PL paulista como um gesto de que, apesar da resist\u00eancia, a porta n\u00e3o est\u00e1 fechada para o chefe do Legislativo local e que muitas negocia\u00e7\u00f5es ainda devem ocorrer antes do nome de algu\u00e9m ser anunciado oficialmente.<\/p>\n<p>Procurado pela reportagem da <strong>Gazeta do Povo<\/strong> para comentar a possibilidade de integrar a chapa majorit\u00e1ria ao lado do governador em S\u00e3o Paulo nas elei\u00e7\u00f5es deste ano, por meio de sua assessoria de imprensa, Andr\u00e9 do Prado n\u00e3o respondeu at\u00e9 a publica\u00e7\u00e3o deste texto.<\/p>\n<p>VEJA TAMB\u00c9M:<\/p>\n<\/div>","protected":false},"excerpt":{"rendered":"<p>De um lado, a press\u00e3o pela escolha de um nome que fortale\u00e7a ainda mais a alian\u00e7a e alinhamento pol\u00edtico do&hellip;<\/p>\n","protected":false},"author":4,"featured_media":299330,"comment_status":"open","ping_status":"open","sticky":false,"template":"","format":"standard","meta":{"footnotes":""},"categories":[204],"tags":[],"class_list":["post-299329","post","type-post","status-publish","format-standard","has-post-thumbnail","hentry","category-ultimas-noticias"],"_links":{"self":[{"href":"https:\/\/villanews.com.br\/index.php?rest_route=\/wp\/v2\/posts\/299329","targetHints":{"allow":["GET"]}}],"collection":[{"href":"https:\/\/villanews.com.br\/index.php?rest_route=\/wp\/v2\/posts"}],"about":[{"href":"https:\/\/villanews.com.br\/index.php?rest_route=\/wp\/v2\/types\/post"}],"author":[{"embeddable":true,"href":"https:\/\/villanews.com.br\/index.php?rest_route=\/wp\/v2\/users\/4"}],"replies":[{"embeddable":true,"href":"https:\/\/villanews.com.br\/index.php?rest_route=%2Fwp%2Fv2%2Fcomments&post=299329"}],"version-history":[{"count":0,"href":"https:\/\/villanews.com.br\/index.php?rest_route=\/wp\/v2\/posts\/299329\/revisions"}],"wp:featuredmedia":[{"embeddable":true,"href":"https:\/\/villanews.com.br\/index.php?rest_route=\/wp\/v2\/media\/299330"}],"wp:attachment":[{"href":"https:\/\/villanews.com.br\/index.php?rest_route=%2Fwp%2Fv2%2Fmedia&parent=299329"}],"wp:term":[{"taxonomy":"category","embeddable":true,"href":"https:\/\/villanews.com.br\/index.php?rest_route=%2Fwp%2Fv2%2Fcategories&post=299329"},{"taxonomy":"post_tag","embeddable":true,"href":"https:\/\/villanews.com.br\/index.php?rest_route=%2Fwp%2Fv2%2Ftags&post=299329"}],"curies":[{"name":"wp","href":"https:\/\/api.w.org\/{rel}","templated":true}]}}