{"id":299327,"date":"2026-03-20T12:34:11","date_gmt":"2026-03-20T16:34:11","guid":{"rendered":"https:\/\/villanews.com.br\/?p=299327"},"modified":"2026-03-20T12:34:11","modified_gmt":"2026-03-20T16:34:11","slug":"depois-de-maduro-presidente-da-colombia-e-alvo-de-investigacoes-nos-eua","status":"publish","type":"post","link":"https:\/\/villanews.com.br\/?p=299327","title":{"rendered":"Depois de Maduro, presidente da Col\u00f4mbia \u00e9 alvo de investiga\u00e7\u00f5es nos EUA"},"content":{"rendered":"<div class=\"postBody_post-body-container__1KhtH\">\n<p>O presidente da Col\u00f4mbia, Gustavo Petro, se tornou alvo de duas investiga\u00e7\u00f5es nos EUA por suposto envolvimento com narcotraficantes de seu pa\u00eds, segundo informa\u00e7\u00f5es reveladas pelo jornal <em>The New York Times<\/em> nesta sexta-feira (20).<\/p>\n<p>Ao menos dois escrit\u00f3rios de procuradores federais,\u00a0em Manhattan e no Brooklyn, come\u00e7aram a apurar poss\u00edveis encontros do l\u00edder esquerdista com traficantes de drogas e se sua campanha presidencial solicitou doa\u00e7\u00f5es de do narcotr\u00e1fico, disseram tr\u00eas fontes familiarizadas com o assunto, sob condi\u00e7\u00e3o de anonimato.<\/p>\n<p>As a\u00e7\u00f5es independentes, que n\u00e3o foram at\u00e9 o momento ligadas ao presidente Donald Trump, est\u00e3o em fase inicial e contaram com o apoio de promotores especializados em tr\u00e1fico internacional de narc\u00f3ticos, bem como agentes da Administra\u00e7\u00e3o de Combate \u00e0s Drogas (DEA) e da Divis\u00e3o de Investiga\u00e7\u00f5es de Seguran\u00e7a Interna (HSI). N\u00e3o se sabe se elas levar\u00e3o a acusa\u00e7\u00f5es criminais contra o colombiano.<\/p>\n<p>Em janeiro, ap\u00f3s a captura do ditador venezuelano Nicol\u00e1s Maduro e sua transfer\u00eancia para Nova York para responder por acusa\u00e7\u00f5es de tr\u00e1fico de drogas, Trump sinalizou que poderia tomar medidas contra Petro.<\/p>\n<p>O presidente colombiano, que j\u00e1 integrou o grupo de guerrilha M-19 na juventude, sempre refutou alega\u00e7\u00f5es de envolvimento com o narcotr\u00e1fico.\u00a0Ele iniciou negocia\u00e7\u00f5es de paz com grupos armados do pa\u00eds, mas que acabaram fracassando.<\/p>\n<p>Desde o retorno de Trump \u00e0 Casa Branca, ele tem pressionado o l\u00edder colombiano a melhorar as pol\u00edticas de combate ao crime organizado no pa\u00eds. Os dois viveram intensos atritos no \u00faltimo ano, que resultaram inclusive em uma <a href=\"https:\/\/www.gazetadopovo.com.br\/mundo\/petro-chama-trump-de-grosseiro-e-ignorante-e-convoca-embaixador-da-colombia-nos-eua\/\">crise diplom\u00e1tica<\/a>.<\/p>\n<p>VEJA TAMB\u00c9M:<\/p>\n<\/div>","protected":false},"excerpt":{"rendered":"<p>O presidente da Col\u00f4mbia, Gustavo Petro, se tornou alvo de duas investiga\u00e7\u00f5es nos EUA por suposto envolvimento com narcotraficantes de&hellip;<\/p>\n","protected":false},"author":4,"featured_media":299328,"comment_status":"open","ping_status":"open","sticky":false,"template":"","format":"standard","meta":{"footnotes":""},"categories":[204],"tags":[],"class_list":["post-299327","post","type-post","status-publish","format-standard","has-post-thumbnail","hentry","category-ultimas-noticias"],"_links":{"self":[{"href":"https:\/\/villanews.com.br\/index.php?rest_route=\/wp\/v2\/posts\/299327","targetHints":{"allow":["GET"]}}],"collection":[{"href":"https:\/\/villanews.com.br\/index.php?rest_route=\/wp\/v2\/posts"}],"about":[{"href":"https:\/\/villanews.com.br\/index.php?rest_route=\/wp\/v2\/types\/post"}],"author":[{"embeddable":true,"href":"https:\/\/villanews.com.br\/index.php?rest_route=\/wp\/v2\/users\/4"}],"replies":[{"embeddable":true,"href":"https:\/\/villanews.com.br\/index.php?rest_route=%2Fwp%2Fv2%2Fcomments&post=299327"}],"version-history":[{"count":0,"href":"https:\/\/villanews.com.br\/index.php?rest_route=\/wp\/v2\/posts\/299327\/revisions"}],"wp:featuredmedia":[{"embeddable":true,"href":"https:\/\/villanews.com.br\/index.php?rest_route=\/wp\/v2\/media\/299328"}],"wp:attachment":[{"href":"https:\/\/villanews.com.br\/index.php?rest_route=%2Fwp%2Fv2%2Fmedia&parent=299327"}],"wp:term":[{"taxonomy":"category","embeddable":true,"href":"https:\/\/villanews.com.br\/index.php?rest_route=%2Fwp%2Fv2%2Fcategories&post=299327"},{"taxonomy":"post_tag","embeddable":true,"href":"https:\/\/villanews.com.br\/index.php?rest_route=%2Fwp%2Fv2%2Ftags&post=299327"}],"curies":[{"name":"wp","href":"https:\/\/api.w.org\/{rel}","templated":true}]}}