{"id":299310,"date":"2026-03-20T12:28:00","date_gmt":"2026-03-20T16:28:00","guid":{"rendered":"https:\/\/villanews.com.br\/?p=299310"},"modified":"2026-03-20T12:28:00","modified_gmt":"2026-03-20T16:28:00","slug":"comissao-de-saude-aprova-proposta-sobre-capacitacao-contra-cancer-infantil","status":"publish","type":"post","link":"https:\/\/villanews.com.br\/?p=299310","title":{"rendered":"Comiss\u00e3o de Sa\u00fade aprova proposta sobre capacita\u00e7\u00e3o contra c\u00e2ncer infantil"},"content":{"rendered":"<article class=\"g-artigo artigo--noticia\">\n<span>Sa\u00fade<\/span>\n<h1>Comiss\u00e3o de Sa\u00fade aprova proposta sobre capacita\u00e7\u00e3o contra c\u00e2ncer infantil<\/h1>\n<p>Projeto de lei continua em an\u00e1lise na C\u00e2mara dos Deputados<\/p>\n<div>\n<p>\n                      20\/03\/2026 &#8211; 13:28 \u00a0\n                    <\/p>\n<p><em>Renato Ara\u00fajo\/C\u00e2mara dos Deputados<\/em><br \/>\n<img decoding=\"async\" src=\"https:\/\/www.camara.leg.br\/midias\/image\/2026\/03\/img20250902175045473-768x473.jpg\" \/><\/p>\n<div>Silvia Cristina recomendou a aprova\u00e7\u00e3o do projeto<\/div>\n<p>A Comiss\u00e3o de Sa\u00fade da C\u00e2mara dos Deputados aprovou o projeto que inclui, entre os objetivos do <a href=\"https:\/\/www2.camara.leg.br\/legin\/fed\/lei\/2019\/lei-13958-18-dezembro-2019-789606-norma-pl.html\">Programa M\u00e9dicos pelo Brasil<\/a>, a capacita\u00e7\u00e3o de profissionais da aten\u00e7\u00e3o prim\u00e1ria \u00e0 sa\u00fade para o diagn\u00f3stico e a identifica\u00e7\u00e3o precoce do c\u00e2ncer infantojuvenil.<\/p>\n<p>A comiss\u00e3o aprovou o parecer da relatora, deputada Silvia Cristina (PP-RO), ao Projeto de Lei 2970\/22, do deputado Bibo Nunes (PL-RS).<\/p>\n<p>A relatora ajustou o texto original para detalhar que a forma\u00e7\u00e3o deve capacitar tanto m\u00e9dicos como outros profissionais de aten\u00e7\u00e3o prim\u00e1ria para identificar precocemente sinais e sintomas da doen\u00e7a.<\/p>\n<ul>\n<li><a href=\"https:\/\/www.camara.leg.br\/proposicoesWeb\/prop_mostrarintegra?codteor=3096114&amp;filename=PRL+2+CSAUDE+%3D%3E+PL+2970\/2022\">Veja a \u00edntegra do texto aprovado<\/a><\/li>\n<\/ul>\n<p>Teresa Cristina afirmou que a proposta fortalece o SUS ao melhorar a qualidade da assist\u00eancia prestada, aumentando as chances de cura das crian\u00e7as e adolescentes.<\/p>\n<p>&#8220;A estrutura j\u00e1 existente de forma\u00e7\u00e3o e capacita\u00e7\u00e3o pode ser aproveitada para incorporar conte\u00fados voltados \u00e0 identifica\u00e7\u00e3o precoce do c\u00e2ncer infantojuvenil, constituindo medida eficiente do ponto de vista administrativo e sanit\u00e1rio&#8221;, disse.<\/p>\n<p><strong>Estat\u00edsticas<br \/>\n<\/strong>De acordo com Bibo Nunes, ainda n\u00e3o se sabe ao certo quais s\u00e3o os fatores de risco para o c\u00e2ncer infantojuvenil e, por isso, \u00e9 necess\u00e1ria uma maior capacita\u00e7\u00e3o dos profissionais de sa\u00fade que atuam pelo Programa M\u00e9dicos pelo Brasil.<\/p>\n<p>De acordo com o DataSUS, o c\u00e2ncer infantojuvenil \u00e9 a principal doen\u00e7a e a segunda maior causa de morte entre crian\u00e7as e adolescentes de 4 a 19 anos, ficando atr\u00e1s apenas das causas externas, ou seja, mortes violentas (acidentes, homic\u00eddios e suic\u00eddios).<\/p>\n<p>Segundo estimativas do Instituto Nacional do C\u00e2ncer de 2026 a 2028, citadas por Teresa Cristina, s\u00e3o registrados aproximadamente 7.560 novos casos de c\u00e2ncer infantojuvenil por ano, considerando crian\u00e7as e adolescentes de 0 a 19 anos.<\/p>\n<p><strong>Pr\u00f3ximos passos<\/strong><\/p>\n<p>\n        A proposta ainda ser\u00e1 analisada, em <span title=\"Rito de tramita\u00e7\u00e3o pelo qual o projeto \u00e9 votado apenas pelas comiss\u00f5es designadas para analis\u00e1-lo, dispensada a delibera\u00e7\u00e3o do Plen\u00e1rio. O projeto perde o car\u00e1ter conclusivo se houver decis\u00e3o divergente entre as comiss\u00f5es ou se, independentemente de ser aprovado ou rejeitado, houver recurso assinado por 52 deputados para a aprecia\u00e7\u00e3o da mat\u00e9ria no Plen\u00e1rio.\">car\u00e1ter conclusivo<\/span>, pela Comiss\u00e3o de Constitui\u00e7\u00e3o e Justi\u00e7a e de Cidadania.<\/p>\n<p>Para virar lei, precisa ser aprovada por C\u00e2mara e Senado.<\/p>\n<ul>\n<li><a href=\"https:\/\/www.camara.leg.br\/noticias\/573454-SAIBA-MAIS-SOBRE-A-TRAMITACAO-DE-PROJETOS-DE-LEI\">Saiba mais sobre a tramita\u00e7\u00e3o de projetos de lei<\/a><\/li>\n<\/ul>\n<p>Reportagem &#8211; Tiago Miranda<\/p>\n<p>Edi\u00e7\u00e3o \u2013 Natalia Doederlein<\/p>\n<\/div>\n<\/article>","protected":false},"excerpt":{"rendered":"<p>Sa\u00fade Comiss\u00e3o de Sa\u00fade aprova proposta sobre capacita\u00e7\u00e3o contra c\u00e2ncer infantil Projeto de lei continua em an\u00e1lise na C\u00e2mara dos&hellip;<\/p>\n","protected":false},"author":4,"featured_media":299311,"comment_status":"open","ping_status":"open","sticky":false,"template":"","format":"standard","meta":{"footnotes":""},"categories":[240],"tags":[],"class_list":["post-299310","post","type-post","status-publish","format-standard","has-post-thumbnail","hentry","category-camara-dos-deputados"],"_links":{"self":[{"href":"https:\/\/villanews.com.br\/index.php?rest_route=\/wp\/v2\/posts\/299310","targetHints":{"allow":["GET"]}}],"collection":[{"href":"https:\/\/villanews.com.br\/index.php?rest_route=\/wp\/v2\/posts"}],"about":[{"href":"https:\/\/villanews.com.br\/index.php?rest_route=\/wp\/v2\/types\/post"}],"author":[{"embeddable":true,"href":"https:\/\/villanews.com.br\/index.php?rest_route=\/wp\/v2\/users\/4"}],"replies":[{"embeddable":true,"href":"https:\/\/villanews.com.br\/index.php?rest_route=%2Fwp%2Fv2%2Fcomments&post=299310"}],"version-history":[{"count":0,"href":"https:\/\/villanews.com.br\/index.php?rest_route=\/wp\/v2\/posts\/299310\/revisions"}],"wp:featuredmedia":[{"embeddable":true,"href":"https:\/\/villanews.com.br\/index.php?rest_route=\/wp\/v2\/media\/299311"}],"wp:attachment":[{"href":"https:\/\/villanews.com.br\/index.php?rest_route=%2Fwp%2Fv2%2Fmedia&parent=299310"}],"wp:term":[{"taxonomy":"category","embeddable":true,"href":"https:\/\/villanews.com.br\/index.php?rest_route=%2Fwp%2Fv2%2Fcategories&post=299310"},{"taxonomy":"post_tag","embeddable":true,"href":"https:\/\/villanews.com.br\/index.php?rest_route=%2Fwp%2Fv2%2Ftags&post=299310"}],"curies":[{"name":"wp","href":"https:\/\/api.w.org\/{rel}","templated":true}]}}