{"id":299230,"date":"2026-03-20T11:51:00","date_gmt":"2026-03-20T15:51:00","guid":{"rendered":"https:\/\/villanews.com.br\/?p=299230"},"modified":"2026-03-20T11:51:00","modified_gmt":"2026-03-20T15:51:00","slug":"comissao-aprova-readaptacao-de-policiais-e-bombeiros-com-deficiencia-em-funcoes-administrativas","status":"publish","type":"post","link":"https:\/\/villanews.com.br\/?p=299230","title":{"rendered":"Comiss\u00e3o aprova readapta\u00e7\u00e3o de policiais e bombeiros com defici\u00eancia em fun\u00e7\u00f5es administrativas"},"content":{"rendered":"<article class=\"g-artigo artigo--noticia\">\n<span>Trabalho, Previd\u00eancia e Assist\u00eancia<\/span>\n<h1>Comiss\u00e3o aprova readapta\u00e7\u00e3o de policiais e bombeiros com defici\u00eancia em fun\u00e7\u00f5es administrativas<\/h1>\n<p>A C\u00e2mara dos Deputados continua analisando o projeto de lei<\/p>\n<div>\n<p>\n                      20\/03\/2026 &#8211; 12:51 \u00a0\n                    <\/p>\n<p><em>Kayo Magalh\u00e3es\/C\u00e2mara dos Deputados<\/em><br \/>\n<img decoding=\"async\" src=\"https:\/\/www.camara.leg.br\/midias\/image\/2026\/03\/img20260224192820979-768x473.jpg\" \/><\/p>\n<div>Delegada Ione: continuar a servir refor\u00e7a v\u00ednculos institucionais e evita o isolamento social<\/div>\n<p>A Comiss\u00e3o de Administra\u00e7\u00e3o e Servi\u00e7o P\u00fablico da C\u00e2mara dos Deputados aprovou projeto de lei que permite a readapta\u00e7\u00e3o de policiais militares e bombeiros que sofreram limita\u00e7\u00f5es f\u00edsicas ou mentais. A medida autoriza que esses profissionais continuem na ativa, exercendo fun\u00e7\u00f5es administrativas ou de suporte, mantendo o sal\u00e1rio e o posto.<\/p>\n<p>O colegiado aprovou o <span title=\"Nome que se d\u00e1 ao texto que altera substancialmente o conte\u00fado original da proposta. O substitutivo \u00e9 apresentado pelo relator e tem prefer\u00eancia na vota\u00e7\u00e3o sobre o projeto original.\">substitutivo<\/span> da relatora, deputada Delegada Ione (Avante-MG), ao <a href=\"https:\/\/www.camara.leg.br\/noticias\/633035-projeto-preve-reaproveitamento-de-pms-e-bombeiros-inativos\">Projeto de Lei 6135\/19<\/a>, da deputada Soraya Santos (PL-RJ).<\/p>\n<p>A reda\u00e7\u00e3o original previa alterar o <a href=\"https:\/\/www2.camara.gov.br\/legin\/fed\/declei\/1960-1969\/decreto-lei-667-2-julho-1969-374170-norma-pe.html\">Decreto-Lei 667\/69<\/a> para permitir o &#8220;aproveitamento&#8221; de militares inativados. J\u00e1 o texto aprovado atualiza a nova <a href=\"https:\/\/www2.camara.leg.br\/legin\/fed\/lei\/2023\/lei-14751-12-dezembro-2023-795052-norma-pl.html\">Lei Org\u00e2nica Nacional das Pol\u00edcias Militares e dos Corpos de Bombeiros Militares<\/a> para instituir tecnicamente a &#8220;readapta\u00e7\u00e3o&#8221;, alinhando as regras militares \u00e0s normas constitucionais j\u00e1 aplicadas aos servidores civis.<\/p>\n<p><strong>Como \u00e9 hoje<br \/>\n<\/strong>Atualmente, a regra geral nas corpora\u00e7\u00f5es militares estaduais determina que o profissional que sofre uma les\u00e3o permanente ou adquire uma defici\u00eancia que o impe\u00e7a de exercer a atividade-fim (policiamento ostensivo ou combate a inc\u00eandios) seja reformado (aposentado) por invalidez.<\/p>\n<p><strong>Continuidade no servi\u00e7o<br \/>\n<\/strong>Pelo novo texto, o militar que tiver sua capacidade f\u00edsica ou mental reduzida, atestada por junta de sa\u00fade, poder\u00e1 ser realocado para fun\u00e7\u00f5es compat\u00edveis com sua condi\u00e7\u00e3o. A decis\u00e3o deve considerar a exist\u00eancia de vagas na estrutura da corpora\u00e7\u00e3o.<\/p>\n<p>O texto estabelece os seguintes crit\u00e9rios:<\/p>\n<ul>\n<li>manuten\u00e7\u00e3o do posto ou gradua\u00e7\u00e3o e da remunera\u00e7\u00e3o integral;<\/li>\n<li>compatibilidade da nova fun\u00e7\u00e3o com a limita\u00e7\u00e3o sofrida;<\/li>\n<li>cumprimento dos requisitos de habilita\u00e7\u00e3o e escolaridade para o novo cargo.<\/li>\n<\/ul>\n<p>&#8220;O militar deixa de ser visto apenas pela limita\u00e7\u00e3o adquirida e passa a ser reconhecido por sua experi\u00eancia. Continuar a servir refor\u00e7a v\u00ednculos institucionais, fortalece a autoestima e evita o isolamento social&#8221;, explicou a relatora.<\/p>\n<p><strong>Retorno de aposentados<br \/>\n<\/strong>O projeto permite que policiais e bombeiros que j\u00e1 foram reformados (aposentados) por incapacidade definitiva possam requerer o retorno \u00e0 ativa para fins de readapta\u00e7\u00e3o. Esse pedido deve ser feito no prazo de at\u00e9 5 anos ap\u00f3s a publica\u00e7\u00e3o da lei.<\/p>\n<p><strong>Pr\u00f3ximos passos<br \/>\n<\/strong>A proposta, que tramita em <span title=\"Rito de tramita\u00e7\u00e3o pelo qual o projeto \u00e9 votado apenas pelas comiss\u00f5es designadas para analis\u00e1-lo, dispensada a delibera\u00e7\u00e3o do Plen\u00e1rio. O projeto perde o car\u00e1ter conclusivo se houver decis\u00e3o divergente entre as comiss\u00f5es ou se, independentemente de ser aprovado ou rejeitado, houver recurso assinado por 52 deputados para a aprecia\u00e7\u00e3o da mat\u00e9ria no Plen\u00e1rio.\">car\u00e1ter conclusivo<\/span>, ser\u00e1 analisada pelas comiss\u00f5es de Finan\u00e7as e Tributa\u00e7\u00e3o; e de Constitui\u00e7\u00e3o e Justi\u00e7a e de Cidadania (CCJ).<\/p>\n<p>Para virar lei, o texto precisa ser aprovado pela C\u00e2mara e pelo Senado.<\/p>\n<ul>\n<li><a href=\"https:\/\/www.camara.leg.br\/noticias\/573454-SAIBA-MAIS-SOBRE-A-TRAMITACAO-DE-PROJETOS-DE-LEI\">Saiba mais sobre a tramita\u00e7\u00e3o de projetos de lei<\/a><\/li>\n<\/ul>\n<p>Reportagem &#8211; Emanuelle Brasil<\/p>\n<p>Edi\u00e7\u00e3o &#8211; Marcia Becker<\/p>\n<\/div>\n<\/article>","protected":false},"excerpt":{"rendered":"<p>Trabalho, Previd\u00eancia e Assist\u00eancia Comiss\u00e3o aprova readapta\u00e7\u00e3o de policiais e bombeiros com defici\u00eancia em fun\u00e7\u00f5es administrativas A C\u00e2mara dos Deputados&hellip;<\/p>\n","protected":false},"author":4,"featured_media":299231,"comment_status":"open","ping_status":"open","sticky":false,"template":"","format":"standard","meta":{"footnotes":""},"categories":[240],"tags":[],"class_list":["post-299230","post","type-post","status-publish","format-standard","has-post-thumbnail","hentry","category-camara-dos-deputados"],"_links":{"self":[{"href":"https:\/\/villanews.com.br\/index.php?rest_route=\/wp\/v2\/posts\/299230","targetHints":{"allow":["GET"]}}],"collection":[{"href":"https:\/\/villanews.com.br\/index.php?rest_route=\/wp\/v2\/posts"}],"about":[{"href":"https:\/\/villanews.com.br\/index.php?rest_route=\/wp\/v2\/types\/post"}],"author":[{"embeddable":true,"href":"https:\/\/villanews.com.br\/index.php?rest_route=\/wp\/v2\/users\/4"}],"replies":[{"embeddable":true,"href":"https:\/\/villanews.com.br\/index.php?rest_route=%2Fwp%2Fv2%2Fcomments&post=299230"}],"version-history":[{"count":0,"href":"https:\/\/villanews.com.br\/index.php?rest_route=\/wp\/v2\/posts\/299230\/revisions"}],"wp:featuredmedia":[{"embeddable":true,"href":"https:\/\/villanews.com.br\/index.php?rest_route=\/wp\/v2\/media\/299231"}],"wp:attachment":[{"href":"https:\/\/villanews.com.br\/index.php?rest_route=%2Fwp%2Fv2%2Fmedia&parent=299230"}],"wp:term":[{"taxonomy":"category","embeddable":true,"href":"https:\/\/villanews.com.br\/index.php?rest_route=%2Fwp%2Fv2%2Fcategories&post=299230"},{"taxonomy":"post_tag","embeddable":true,"href":"https:\/\/villanews.com.br\/index.php?rest_route=%2Fwp%2Fv2%2Ftags&post=299230"}],"curies":[{"name":"wp","href":"https:\/\/api.w.org\/{rel}","templated":true}]}}