{"id":299210,"date":"2026-03-20T11:40:11","date_gmt":"2026-03-20T15:40:11","guid":{"rendered":"https:\/\/villanews.com.br\/?p=299210"},"modified":"2026-03-20T11:40:11","modified_gmt":"2026-03-20T15:40:11","slug":"ditadora-da-venezuela-muda-toda-a-cupula-militar-apos-demitir-aliado-de-maduro","status":"publish","type":"post","link":"https:\/\/villanews.com.br\/?p=299210","title":{"rendered":"Ditadora da Venezuela muda toda a c\u00fapula militar ap\u00f3s demitir aliado de Maduro"},"content":{"rendered":"<div class=\"postBody_post-body-container__1KhtH\">\n<p>A ditadora interina da Venezuela, Delcy Rodr\u00edguez, anunciou nesta sexta-feira (20) a troca de oito nomes na c\u00fapula militar do pa\u00eds sul-americano, dois dias ap\u00f3s ter <a href=\"https:\/\/www.gazetadopovo.com.br\/mundo\/sob-mira-dos-eua-venezuela-demite-ministro-da-defesa-chavista-aliado-de-maduro\/\">demitido o ent\u00e3o ministro da Defesa, Vladimir Padrino L\u00f3pez<\/a>, aliado do ex-ditador Nicol\u00e1s Maduro.<\/p>\n<p>\u201cAnuncio a designa\u00e7\u00e3o dos membros do Alto Comando Militar renovado, que acompanhar\u00e3o o [novo] ministro da Defesa, general Gustavo Gonz\u00e1lez L\u00f3pez, com o firme compromisso e lealdade patri\u00f3tica de garantir a soberania, a paz, a estabilidade e a integridade territorial da Rep\u00fablica\u201d, escreveu Rodr\u00edguez nas redes sociais.<\/p>\n<p>Segundo informa\u00e7\u00f5es da ag\u00eancia EFE, o major-general Rafael Prieto Mart\u00ednez, que era inspetor-geral da For\u00e7a Armada Nacional Bolivariana (Fanb), ser\u00e1 agora chefe do Comando Estrat\u00e9gico Operacional da corpora\u00e7\u00e3o (Ceofanb), encarregado do planejamento, programa\u00e7\u00e3o, dire\u00e7\u00e3o, execu\u00e7\u00e3o e controle das opera\u00e7\u00f5es militares.<\/p>\n<p>Ele substituir\u00e1 o general Domingo Hern\u00e1ndez L\u00e1rez, que foi alvo de san\u00e7\u00f5es dos Estados Unidos em 2024.<\/p>\n<p>Outro sancionado pelos EUA que est\u00e1 de sa\u00edda \u00e9 Johan Hern\u00e1ndez L\u00e1rez, que ser\u00e1 substitu\u00eddo no comando do Ex\u00e9rcito pelo major-general Rub\u00e9n Belzares Escobar.<\/p>\n<p>Outras trocas importantes foram na Marinha, onde o almirante Jorge Ag\u00fcero Montes vai substituir Ashraf Andel Hadi Suleim\u00e1n Guti\u00e9rrez, e na Aeron\u00e1utica, onde o major-general Royman Hern\u00e1ndez Brice\u00f1o ficar\u00e1 no lugar de Len\u00edn Ram\u00edrez Villasmil.<\/p>\n<p>As trocas parecem fazer parte do esfor\u00e7o do regime de Rodr\u00edguez de se aproximar dos Estados Unidos (com quem Caracas restabeleceu rela\u00e7\u00f5es diplom\u00e1ticas este m\u00eas) e remover nomes ligados a Maduro, capturado numa opera\u00e7\u00e3o militar americana em 3 de janeiro: Padrino L\u00f3pez, que designou os nomes que est\u00e3o de sa\u00edda, era ministro da Defesa desde 2014, ano seguinte \u00e0 chegada de Maduro ao poder.<\/p>\n<p>VEJA TAMB\u00c9M:<\/p>\n<\/div>","protected":false},"excerpt":{"rendered":"<p>A ditadora interina da Venezuela, Delcy Rodr\u00edguez, anunciou nesta sexta-feira (20) a troca de oito nomes na c\u00fapula militar do&hellip;<\/p>\n","protected":false},"author":4,"featured_media":299211,"comment_status":"open","ping_status":"open","sticky":false,"template":"","format":"standard","meta":{"footnotes":""},"categories":[204],"tags":[],"class_list":["post-299210","post","type-post","status-publish","format-standard","has-post-thumbnail","hentry","category-ultimas-noticias"],"_links":{"self":[{"href":"https:\/\/villanews.com.br\/index.php?rest_route=\/wp\/v2\/posts\/299210","targetHints":{"allow":["GET"]}}],"collection":[{"href":"https:\/\/villanews.com.br\/index.php?rest_route=\/wp\/v2\/posts"}],"about":[{"href":"https:\/\/villanews.com.br\/index.php?rest_route=\/wp\/v2\/types\/post"}],"author":[{"embeddable":true,"href":"https:\/\/villanews.com.br\/index.php?rest_route=\/wp\/v2\/users\/4"}],"replies":[{"embeddable":true,"href":"https:\/\/villanews.com.br\/index.php?rest_route=%2Fwp%2Fv2%2Fcomments&post=299210"}],"version-history":[{"count":0,"href":"https:\/\/villanews.com.br\/index.php?rest_route=\/wp\/v2\/posts\/299210\/revisions"}],"wp:featuredmedia":[{"embeddable":true,"href":"https:\/\/villanews.com.br\/index.php?rest_route=\/wp\/v2\/media\/299211"}],"wp:attachment":[{"href":"https:\/\/villanews.com.br\/index.php?rest_route=%2Fwp%2Fv2%2Fmedia&parent=299210"}],"wp:term":[{"taxonomy":"category","embeddable":true,"href":"https:\/\/villanews.com.br\/index.php?rest_route=%2Fwp%2Fv2%2Fcategories&post=299210"},{"taxonomy":"post_tag","embeddable":true,"href":"https:\/\/villanews.com.br\/index.php?rest_route=%2Fwp%2Fv2%2Ftags&post=299210"}],"curies":[{"name":"wp","href":"https:\/\/api.w.org\/{rel}","templated":true}]}}